{"id":1344,"date":"2025-03-01T08:00:49","date_gmt":"2025-03-01T08:00:49","guid":{"rendered":"https:\/\/demo.afthemes.com\/covernews-pro\/?p=12"},"modified":"2025-03-11T12:52:26","modified_gmt":"2025-03-11T12:52:26","slug":"cortina-design-engineering","status":"publish","type":"post","link":"https:\/\/liderin.com.mx\/?p=1344","title":{"rendered":"Cortina Design Engineering"},"content":{"rendered":"\t\t<div data-elementor-type=\"wp-post\" data-elementor-id=\"1344\" class=\"elementor elementor-1344\">\n\t\t\t\t<div class=\"elementor-element elementor-element-156d4854 e-flex e-con-boxed e-con e-parent\" data-id=\"156d4854\" data-element_type=\"container\" data-e-type=\"container\">\n\t\t\t\t\t<div class=\"e-con-inner\">\n\t\t\t\t<div class=\"elementor-element elementor-element-6c6b4cf7 elementor-widget elementor-widget-text-editor\" data-id=\"6c6b4cf7\" data-element_type=\"widget\" data-e-type=\"widget\" data-widget_type=\"text-editor.default\">\n\t\t\t\t<div class=\"elementor-widget-container\">\n\t\t\t\t\t\t\t\t\t<p>Fue la ocasi\u00f3n perfecta para agradecer el esfuerzo y la dedicaci\u00f3n de todo el equipo de la firma durante 2024, as\u00ed como para compartir buenos deseos y esperanzas para un 2025 lleno de salud, \u00e9xitos y trabajo. La calidez y la camarader\u00eda marcaron la velada, fortaleciendo los lazos que impulsan a la empresa. Sin duda, fue un acontecimiento memorable.<\/p>\n<p>Cortina Design Engineering, empresa 100% mexicana, provee servicios de ingenier\u00eda especializada en el dise\u00f1o y desarrollo de productos para la industria automotriz, aeroespacial y metalmec\u00e1nica. Sus operaciones han crecido de forma sustentable desde su fundaci\u00f3n en 2017, gracias a la calidad de los servicios que ofrece a empresas armadoras y proveedoras, as\u00ed como a los beneficios derivados de incrementar el contenido local con un alto grado de especializaci\u00f3n, tecnolog\u00eda e innovaci\u00f3n.<\/p>\n<div id='gallery-1' class='gallery galleryid-1344 gallery-columns-3 gallery-size-medium'><figure class='gallery-item'>\n\t\t\t<div class='gallery-icon portrait'>\n\t\t\t\t<a href='https:\/\/liderin.com.mx\/?attachment_id=1534'><img loading=\"lazy\" width=\"200\" height=\"300\" src=\"https:\/\/liderin.com.mx\/wp-content\/uploads\/2025\/03\/Fiesta-de-Fin-de-Ano-Cortina-3-200x300.jpg\" class=\"attachment-medium size-medium\" alt=\"--Fiesta de Fin de A\u00f1o Cortina 3\" srcset=\"https:\/\/liderin.com.mx\/wp-content\/uploads\/2025\/03\/Fiesta-de-Fin-de-Ano-Cortina-3-200x300.jpg 200w, https:\/\/liderin.com.mx\/wp-content\/uploads\/2025\/03\/Fiesta-de-Fin-de-Ano-Cortina-3-683x1024.jpg 683w, https:\/\/liderin.com.mx\/wp-content\/uploads\/2025\/03\/Fiesta-de-Fin-de-Ano-Cortina-3-768x1152.jpg 768w, https:\/\/liderin.com.mx\/wp-content\/uploads\/2025\/03\/Fiesta-de-Fin-de-Ano-Cortina-3-1024x1536.jpg 1024w, https:\/\/liderin.com.mx\/wp-content\/uploads\/2025\/03\/Fiesta-de-Fin-de-Ano-Cortina-3-1366x2048.jpg 1366w, https:\/\/liderin.com.mx\/wp-content\/uploads\/2025\/03\/Fiesta-de-Fin-de-Ano-Cortina-3-scaled.jpg 1707w\" sizes=\"auto, (max-width: 200px) 100vw, 200px\" loading=\"lazy\" decoding=\"async\" \/><\/a>\n\t\t\t<\/div><\/figure><figure class='gallery-item'>\n\t\t\t<div class='gallery-icon portrait'>\n\t\t\t\t<a href='https:\/\/liderin.com.mx\/?attachment_id=1535'><img loading=\"lazy\" width=\"200\" height=\"300\" src=\"https:\/\/liderin.com.mx\/wp-content\/uploads\/2025\/03\/Fiesta-de-Fin-de-Ano-Cortina-19-200x300.jpg\" class=\"attachment-medium size-medium\" alt=\"--Fiesta de Fin de A\u00f1o Cortina 19\" srcset=\"https:\/\/liderin.com.mx\/wp-content\/uploads\/2025\/03\/Fiesta-de-Fin-de-Ano-Cortina-19-200x300.jpg 200w, https:\/\/liderin.com.mx\/wp-content\/uploads\/2025\/03\/Fiesta-de-Fin-de-Ano-Cortina-19-683x1024.jpg 683w, https:\/\/liderin.com.mx\/wp-content\/uploads\/2025\/03\/Fiesta-de-Fin-de-Ano-Cortina-19-768x1152.jpg 768w, https:\/\/liderin.com.mx\/wp-content\/uploads\/2025\/03\/Fiesta-de-Fin-de-Ano-Cortina-19-1024x1536.jpg 1024w, https:\/\/liderin.com.mx\/wp-content\/uploads\/2025\/03\/Fiesta-de-Fin-de-Ano-Cortina-19-1365x2048.jpg 1365w, https:\/\/liderin.com.mx\/wp-content\/uploads\/2025\/03\/Fiesta-de-Fin-de-Ano-Cortina-19-scaled.jpg 1707w\" sizes=\"auto, (max-width: 200px) 100vw, 200px\" loading=\"lazy\" decoding=\"async\" \/><\/a>\n\t\t\t<\/div><\/figure><figure class='gallery-item'>\n\t\t\t<div class='gallery-icon portrait'>\n\t\t\t\t<a href='https:\/\/liderin.com.mx\/?attachment_id=1536'><img loading=\"lazy\" width=\"200\" height=\"300\" src=\"https:\/\/liderin.com.mx\/wp-content\/uploads\/2025\/03\/Fiesta-de-Fin-de-Ano-Cortina-22-200x300.jpg\" class=\"attachment-medium size-medium\" alt=\"--Fiesta de Fin de A\u00f1o Cortina 22\" srcset=\"https:\/\/liderin.com.mx\/wp-content\/uploads\/2025\/03\/Fiesta-de-Fin-de-Ano-Cortina-22-200x300.jpg 200w, https:\/\/liderin.com.mx\/wp-content\/uploads\/2025\/03\/Fiesta-de-Fin-de-Ano-Cortina-22-683x1024.jpg 683w, https:\/\/liderin.com.mx\/wp-content\/uploads\/2025\/03\/Fiesta-de-Fin-de-Ano-Cortina-22-768x1152.jpg 768w, https:\/\/liderin.com.mx\/wp-content\/uploads\/2025\/03\/Fiesta-de-Fin-de-Ano-Cortina-22-1024x1536.jpg 1024w, https:\/\/liderin.com.mx\/wp-content\/uploads\/2025\/03\/Fiesta-de-Fin-de-Ano-Cortina-22-1365x2048.jpg 1365w, https:\/\/liderin.com.mx\/wp-content\/uploads\/2025\/03\/Fiesta-de-Fin-de-Ano-Cortina-22-scaled.jpg 1707w\" sizes=\"auto, (max-width: 200px) 100vw, 200px\" loading=\"lazy\" decoding=\"async\" \/><\/a>\n\t\t\t<\/div><\/figure><figure class='gallery-item'>\n\t\t\t<div class='gallery-icon portrait'>\n\t\t\t\t<a href='https:\/\/liderin.com.mx\/?attachment_id=1537'><img loading=\"lazy\" width=\"200\" height=\"300\" src=\"https:\/\/liderin.com.mx\/wp-content\/uploads\/2025\/03\/Fiesta-de-Fin-de-Ano-Cortina-31-2-200x300.jpg\" class=\"attachment-medium size-medium\" alt=\"--Fiesta de Fin de A\u00f1o Cortina 31 2\" srcset=\"https:\/\/liderin.com.mx\/wp-content\/uploads\/2025\/03\/Fiesta-de-Fin-de-Ano-Cortina-31-2-200x300.jpg 200w, https:\/\/liderin.com.mx\/wp-content\/uploads\/2025\/03\/Fiesta-de-Fin-de-Ano-Cortina-31-2-683x1024.jpg 683w, https:\/\/liderin.com.mx\/wp-content\/uploads\/2025\/03\/Fiesta-de-Fin-de-Ano-Cortina-31-2-768x1152.jpg 768w, https:\/\/liderin.com.mx\/wp-content\/uploads\/2025\/03\/Fiesta-de-Fin-de-Ano-Cortina-31-2-1024x1536.jpg 1024w, https:\/\/liderin.com.mx\/wp-content\/uploads\/2025\/03\/Fiesta-de-Fin-de-Ano-Cortina-31-2-1365x2048.jpg 1365w, https:\/\/liderin.com.mx\/wp-content\/uploads\/2025\/03\/Fiesta-de-Fin-de-Ano-Cortina-31-2-scaled.jpg 1707w\" sizes=\"auto, (max-width: 200px) 100vw, 200px\" loading=\"lazy\" decoding=\"async\" \/><\/a>\n\t\t\t<\/div><\/figure><figure class='gallery-item'>\n\t\t\t<div class='gallery-icon portrait'>\n\t\t\t\t<a href='https:\/\/liderin.com.mx\/?attachment_id=1538'><img loading=\"lazy\" width=\"200\" height=\"300\" src=\"https:\/\/liderin.com.mx\/wp-content\/uploads\/2025\/03\/Fiesta-de-Fin-de-Ano-Cortina-40-200x300.jpg\" class=\"attachment-medium size-medium\" alt=\"--Fiesta de Fin de A\u00f1o Cortina 40\" srcset=\"https:\/\/liderin.com.mx\/wp-content\/uploads\/2025\/03\/Fiesta-de-Fin-de-Ano-Cortina-40-200x300.jpg 200w, https:\/\/liderin.com.mx\/wp-content\/uploads\/2025\/03\/Fiesta-de-Fin-de-Ano-Cortina-40-683x1024.jpg 683w, https:\/\/liderin.com.mx\/wp-content\/uploads\/2025\/03\/Fiesta-de-Fin-de-Ano-Cortina-40-768x1152.jpg 768w, https:\/\/liderin.com.mx\/wp-content\/uploads\/2025\/03\/Fiesta-de-Fin-de-Ano-Cortina-40-1024x1536.jpg 1024w, https:\/\/liderin.com.mx\/wp-content\/uploads\/2025\/03\/Fiesta-de-Fin-de-Ano-Cortina-40-1365x2048.jpg 1365w, https:\/\/liderin.com.mx\/wp-content\/uploads\/2025\/03\/Fiesta-de-Fin-de-Ano-Cortina-40-scaled.jpg 1707w\" sizes=\"auto, (max-width: 200px) 100vw, 200px\" loading=\"lazy\" decoding=\"async\" \/><\/a>\n\t\t\t<\/div><\/figure>\n\t\t<\/div>\n\t\t\t\t\t\t\t\t<\/div>\n\t\t\t\t<\/div>\n\t\t\t\t\t<\/div>\n\t\t\t\t<\/div>\n\t\t\t\t<\/div>\n\t\t","protected":false},"excerpt":{"rendered":"<p>El pasado 11 de diciembre, Cortina Design Engineering celebr\u00f3 su fiesta de Navidad empresarial, un momento de convivencia, alegr\u00eda y uni\u00f3n. <\/p>\n","protected":false},"author":2,"featured_media":1529,"comment_status":"open","ping_status":"open","sticky":false,"template":"","format":"standard","meta":{"footnotes":""},"categories":[49],"tags":[],"post_badge":[],"class_list":["post-1344","post","type-post","status-publish","format-standard","has-post-thumbnail","hentry","category-coberturasmarzo25"],"aioseo_notices":[],"featured_image_urls":{"full":["https:\/\/liderin.com.mx\/wp-content\/uploads\/2025\/03\/Fiesta-de-Fin-de-Ano-Cortina-scaled.jpg",2560,1707,false],"thumbnail":["https:\/\/liderin.com.mx\/wp-content\/uploads\/2025\/03\/Fiesta-de-Fin-de-Ano-Cortina-150x150.jpg",150,150,true],"medium":["https:\/\/liderin.com.mx\/wp-content\/uploads\/2025\/03\/Fiesta-de-Fin-de-Ano-Cortina-300x200.jpg",300,200,true],"medium_large":["https:\/\/liderin.com.mx\/wp-content\/uploads\/2025\/03\/Fiesta-de-Fin-de-Ano-Cortina-768x512.jpg",640,427,true],"large":["https:\/\/liderin.com.mx\/wp-content\/uploads\/2025\/03\/Fiesta-de-Fin-de-Ano-Cortina-1024x683.jpg",640,427,true],"1536x1536":["https:\/\/liderin.com.mx\/wp-content\/uploads\/2025\/03\/Fiesta-de-Fin-de-Ano-Cortina-1536x1024.jpg",1536,1024,true],"2048x2048":["https:\/\/liderin.com.mx\/wp-content\/uploads\/2025\/03\/Fiesta-de-Fin-de-Ano-Cortina-2048x1365.jpg",2048,1365,true],"covernews-slider-full":["https:\/\/liderin.com.mx\/wp-content\/uploads\/2025\/03\/Fiesta-de-Fin-de-Ano-Cortina-1115x715.jpg",1115,715,true],"covernews-slider-center":["https:\/\/liderin.com.mx\/wp-content\/uploads\/2025\/03\/Fiesta-de-Fin-de-Ano-Cortina-800x500.jpg",800,500,true],"covernews-featured":["https:\/\/liderin.com.mx\/wp-content\/uploads\/2025\/03\/Fiesta-de-Fin-de-Ano-Cortina-1024x683.jpg",1024,683,true],"covernews-medium":["https:\/\/liderin.com.mx\/wp-content\/uploads\/2025\/03\/Fiesta-de-Fin-de-Ano-Cortina-540x340.jpg",540,340,true],"covernews-medium-square":["https:\/\/liderin.com.mx\/wp-content\/uploads\/2025\/03\/Fiesta-de-Fin-de-Ano-Cortina-400x250.jpg",400,250,true]},"author_info":{"display_name":"Lider In","author_link":"https:\/\/liderin.com.mx\/?author=2"},"category_info":"<a href=\"https:\/\/liderin.com.mx\/?cat=49\" rel=\"category\">Coberturas Marzo 25<\/a>","tag_info":"Coberturas Marzo 25","comment_count":"0","_links":{"self":[{"href":"https:\/\/liderin.com.mx\/index.php?rest_route=\/wp\/v2\/posts\/1344","targetHints":{"allow":["GET"]}}],"collection":[{"href":"https:\/\/liderin.com.mx\/index.php?rest_route=\/wp\/v2\/posts"}],"about":[{"href":"https:\/\/liderin.com.mx\/index.php?rest_route=\/wp\/v2\/types\/post"}],"author":[{"embeddable":true,"href":"https:\/\/liderin.com.mx\/index.php?rest_route=\/wp\/v2\/users\/2"}],"replies":[{"embeddable":true,"href":"https:\/\/liderin.com.mx\/index.php?rest_route=%2Fwp%2Fv2%2Fcomments&post=1344"}],"version-history":[{"count":7,"href":"https:\/\/liderin.com.mx\/index.php?rest_route=\/wp\/v2\/posts\/1344\/revisions"}],"predecessor-version":[{"id":1541,"href":"https:\/\/liderin.com.mx\/index.php?rest_route=\/wp\/v2\/posts\/1344\/revisions\/1541"}],"wp:featuredmedia":[{"embeddable":true,"href":"https:\/\/liderin.com.mx\/index.php?rest_route=\/wp\/v2\/media\/1529"}],"wp:attachment":[{"href":"https:\/\/liderin.com.mx\/index.php?rest_route=%2Fwp%2Fv2%2Fmedia&parent=1344"}],"wp:term":[{"taxonomy":"category","embeddable":true,"href":"https:\/\/liderin.com.mx\/index.php?rest_route=%2Fwp%2Fv2%2Fcategories&post=1344"},{"taxonomy":"post_tag","embeddable":true,"href":"https:\/\/liderin.com.mx\/index.php?rest_route=%2Fwp%2Fv2%2Ftags&post=1344"},{"taxonomy":"post_badge","embeddable":true,"href":"https:\/\/liderin.com.mx\/index.php?rest_route=%2Fwp%2Fv2%2Fpost_badge&post=1344"}],"curies":[{"name":"wp","href":"https:\/\/api.w.org\/{rel}","templated":true}]}}